{"id":9,"date":"2019-10-13T11:54:30","date_gmt":"2019-10-13T11:54:30","guid":{"rendered":"http:\/\/sozialdemokratie.de\/?p=9"},"modified":"2019-10-17T18:17:38","modified_gmt":"2019-10-17T18:17:38","slug":"wer-bin-ich","status":"publish","type":"post","link":"http:\/\/sozialdemokratie.de\/?p=9","title":{"rendered":"Wer bin ich?"},"content":{"rendered":"\n<div class=\"wp-block-image\"><figure class=\"alignright\"><img src=\"http:\/\/sozialdemokratie.de\/wp-content\/uploads\/2019\/10\/csm_Achim_Strehlke_2250x1500_d34183f0d2-Kopie.jpg\" alt=\"\"\/><\/figure><\/div>\n\n\n<p>Was bin ich?<\/p>\n<p>Mensch.<br>\nMann.<br>\nChrist.<br>\nPazifist.<br>\nDemokrat.<br>\nSozialdemokrat.<br>\nVeganer.<br>\nTheologe.<br>\nPastor.<\/p>\n<p>Geboren 1964.<\/p>\n<p>Mein Glaube ist mir wichtig.<br>\nAus ihm flie\u00dft auch mein Leben, mein Engagement in Familie, Kirche, Gemeinde, Kommune, Politik und Gesellschaft.<\/p>\n<p>Ich glaube diesem Jesus von Nazareth seine Botschaft der Liebe.<br>\nUnd ich glaube ihm seinen liebenden Gott, den Sch\u00f6pfer des Universums, der Pflanzen, Tiere und Menschen.<\/p>\n<p>Ich glaube, dass Jesus gestorben ist, um uns Menschen aus der Verstrickung von Gewalt und Hass zu befreien, und uns bereit zu machen zur Vers\u00f6hnung, zur Liebe und zur Gemeinschaft mit Gott und den Menschen.<\/p>\n<p>Durch Jesu Auferweckung macht Gott uns deutlich:<br>\nDas Leben ist st\u00e4rker als der Tod.<br>\nDie Liebe ist st\u00e4rker als der Hass.<\/p>\n<p>Diesem Jesus will ich nachfolgen,<br>\nmich von ihm befreien lassen<br>\nund mit ihm in der Gemeinschaft mit Gott<br>\nund allen Menschen eine liebevolle, gewaltfreie Welt aufbauen.<\/p>\n<p>Dazu brauche ich die Gemeinschaft derer, die mit mir auf dem Wege sind, die Gemeinde, die Kirche.<br>\nIch brauche die regelm\u00e4\u00dfige Erinnerung, Unterst\u00fctzung und Feier, den Gottesdienst.<\/p>\n<p>\u00dcber meinen Glauben, \u00fcber Jesus, Gott, die Gemeinde, Bibel und Kirche blogge ich an anderer Stelle.<br>\nHier konzentriere ich mich auf politische Themen.<\/p>","protected":false},"excerpt":{"rendered":"<p>Was bin ich? Mensch. Mann. Christ. Pazifist. Demokrat. Sozialdemokrat. Veganer. Theologe. Pastor. Geboren 1964. Mein Glaube ist mir wichtig. Aus ihm flie\u00dft auch mein Leben, mein Engagement in Familie, Kirche, Gemeinde, Kommune, Politik und Gesellschaft. Ich glaube diesem Jesus von Nazareth seine Botschaft der Liebe. Und ich glaube ihm seinen liebenden Gott, den Sch\u00f6pfer des &hellip; <\/p>\n<p class=\"link-more\"><a href=\"http:\/\/sozialdemokratie.de\/?p=9\" class=\"more-link\"><span class=\"screen-reader-text\">\u201eWer bin ich?\u201c<\/span> weiterlesen<\/a><\/p>\n","protected":false},"author":1,"featured_media":0,"comment_status":"open","ping_status":"open","sticky":false,"template":"","format":"standard","meta":[],"categories":[2],"tags":[],"jetpack_featured_media_url":"","_links":{"self":[{"href":"http:\/\/sozialdemokratie.de\/index.php?rest_route=\/wp\/v2\/posts\/9"}],"collection":[{"href":"http:\/\/sozialdemokratie.de\/index.php?rest_route=\/wp\/v2\/posts"}],"about":[{"href":"http:\/\/sozialdemokratie.de\/index.php?rest_route=\/wp\/v2\/types\/post"}],"author":[{"embeddable":true,"href":"http:\/\/sozialdemokratie.de\/index.php?rest_route=\/wp\/v2\/users\/1"}],"replies":[{"embeddable":true,"href":"http:\/\/sozialdemokratie.de\/index.php?rest_route=%2Fwp%2Fv2%2Fcomments&post=9"}],"version-history":[{"count":3,"href":"http:\/\/sozialdemokratie.de\/index.php?rest_route=\/wp\/v2\/posts\/9\/revisions"}],"predecessor-version":[{"id":93,"href":"http:\/\/sozialdemokratie.de\/index.php?rest_route=\/wp\/v2\/posts\/9\/revisions\/93"}],"wp:attachment":[{"href":"http:\/\/sozialdemokratie.de\/index.php?rest_route=%2Fwp%2Fv2%2Fmedia&parent=9"}],"wp:term":[{"taxonomy":"category","embeddable":true,"href":"http:\/\/sozialdemokratie.de\/index.php?rest_route=%2Fwp%2Fv2%2Fcategories&post=9"},{"taxonomy":"post_tag","embeddable":true,"href":"http:\/\/sozialdemokratie.de\/index.php?rest_route=%2Fwp%2Fv2%2Ftags&post=9"}],"curies":[{"name":"wp","href":"https:\/\/api.w.org\/{rel}","templated":true}]}}