{"id":70,"date":"2019-10-16T09:20:41","date_gmt":"2019-10-16T09:20:41","guid":{"rendered":"http:\/\/sozialdemokratie.de\/?p=70"},"modified":"2019-10-20T05:15:42","modified_gmt":"2019-10-20T05:15:42","slug":"fragen-an-die-kandidatinnen-zum-spd-parteivorsitz","status":"publish","type":"post","link":"http:\/\/sozialdemokratie.de\/?p=70","title":{"rendered":"Fragen an die Kandidat*innen zum SPD-Parteivorsitz"},"content":{"rendered":"\n<div class=\"wp-block-image\"><figure class=\"alignright\"><img src=\"http:\/\/sozialdemokratie.de\/wp-content\/uploads\/2019\/10\/csm_Achim_Strehlke_2250x1500_d34183f0d2-Kopie.jpg\" alt=\"\"\/><\/figure><\/div>\n\n\n\n<p>Liebe*r &#8230;<\/p>\n\n\n\n<p>zur Wahl f\u00fcr den SPD-Parteivorsitz habe ich eine f\u00fcr mich\nzentrale Frage an Dich:<\/p>\n\n\n\n<p>Was willst du daf\u00fcr tun, dass den W\u00e4hlerinnen und W\u00e4hlern\nmehr direkte Mitentscheidung m\u00f6glich wird, indem die SPD die Einf\u00fchrung von\nVolksbegehren und Volksentscheid auf Bundesebene initiiert?<\/p>\n\n\n\n<ol><li>Wie stehst du zu <strong>Volksbegehren und Volksentscheid auf Bundesebene?<\/strong><\/li><li>Wie wichtig ist dir das Thema?<\/li><li>W\u00fcrdest  Du darauf dr\u00e4ngen, dass der Pr\u00fcfauftrag im Koalitionsvertrag sp\u00e4testens      2020 in einer Grundgesetz\u00e4nderung m\u00fcndet?<\/li><li>W\u00e4rst  Du bereit an diesem Punkt die Gro\u00dfe Koalition scheitern zu lassen, wenn  die CDU sich verweigert?<\/li><\/ol>\n\n\n\n<p>Deine Antwort w\u00fcrde ich gerne in meinem Blog\n\u201eSozialdemokratie f\u00fcr alle\u201c auf <a href=\"http:\/\/www.sozialdemokratie.de\">www.sozialdemokratie.de<\/a>\nver\u00f6ffentlichen.<\/p>\n\n\n\n<p>Was ich zum Thema Volksentscheid denke, kannst du auf <a href=\"http:\/\/sozialdemokratie.de\/?p=57\">http:\/\/sozialdemokratie.de\/?p=57<\/a>\nlesen.<\/p>\n\n\n\n<p>Herzliche Gr\u00fc\u00dfe,<br>Achim<\/p>\n","protected":false},"excerpt":{"rendered":"<p>Liebe*r &#8230; zur Wahl f\u00fcr den SPD-Parteivorsitz habe ich eine f\u00fcr mich zentrale Frage an Dich: Was willst du daf\u00fcr tun, dass den W\u00e4hlerinnen und W\u00e4hlern mehr direkte Mitentscheidung m\u00f6glich wird, indem die SPD die Einf\u00fchrung von Volksbegehren und Volksentscheid auf Bundesebene initiiert? Wie stehst du zu Volksbegehren und Volksentscheid auf Bundesebene? Wie wichtig ist &hellip; <\/p>\n<p class=\"link-more\"><a href=\"http:\/\/sozialdemokratie.de\/?p=70\" class=\"more-link\"><span class=\"screen-reader-text\">\u201eFragen an die Kandidat*innen zum SPD-Parteivorsitz\u201c<\/span> weiterlesen<\/a><\/p>\n","protected":false},"author":1,"featured_media":0,"comment_status":"open","ping_status":"open","sticky":false,"template":"","format":"standard","meta":[],"categories":[4,7,6],"tags":[],"jetpack_featured_media_url":"","_links":{"self":[{"href":"http:\/\/sozialdemokratie.de\/index.php?rest_route=\/wp\/v2\/posts\/70"}],"collection":[{"href":"http:\/\/sozialdemokratie.de\/index.php?rest_route=\/wp\/v2\/posts"}],"about":[{"href":"http:\/\/sozialdemokratie.de\/index.php?rest_route=\/wp\/v2\/types\/post"}],"author":[{"embeddable":true,"href":"http:\/\/sozialdemokratie.de\/index.php?rest_route=\/wp\/v2\/users\/1"}],"replies":[{"embeddable":true,"href":"http:\/\/sozialdemokratie.de\/index.php?rest_route=%2Fwp%2Fv2%2Fcomments&post=70"}],"version-history":[{"count":4,"href":"http:\/\/sozialdemokratie.de\/index.php?rest_route=\/wp\/v2\/posts\/70\/revisions"}],"predecessor-version":[{"id":97,"href":"http:\/\/sozialdemokratie.de\/index.php?rest_route=\/wp\/v2\/posts\/70\/revisions\/97"}],"wp:attachment":[{"href":"http:\/\/sozialdemokratie.de\/index.php?rest_route=%2Fwp%2Fv2%2Fmedia&parent=70"}],"wp:term":[{"taxonomy":"category","embeddable":true,"href":"http:\/\/sozialdemokratie.de\/index.php?rest_route=%2Fwp%2Fv2%2Fcategories&post=70"},{"taxonomy":"post_tag","embeddable":true,"href":"http:\/\/sozialdemokratie.de\/index.php?rest_route=%2Fwp%2Fv2%2Ftags&post=70"}],"curies":[{"name":"wp","href":"https:\/\/api.w.org\/{rel}","templated":true}]}}