{"id":117,"date":"2019-10-25T12:52:40","date_gmt":"2019-10-25T12:52:40","guid":{"rendered":"http:\/\/sozialdemokratie.de\/?p=117"},"modified":"2019-10-25T12:55:28","modified_gmt":"2019-10-25T12:55:28","slug":"ich-habe-gewaehlt","status":"publish","type":"post","link":"http:\/\/sozialdemokratie.de\/?p=117","title":{"rendered":"Ich habe gew\u00e4hlt."},"content":{"rendered":"\n<p>Irgendwann muss ich mich entscheiden. Ich habe lange gewartet, in der Hoffnung noch mehr R\u00fcckmeldungen zu meinen Fragen zum Volksentscheid zu bekommen.<\/p>\n\n\n\n<div class=\"wp-block-image\"><figure class=\"alignright\"><img src=\"http:\/\/sozialdemokratie.de\/wp-content\/uploads\/2019\/10\/csm_Achim_Strehlke_2250x1500_d34183f0d2-Kopie.jpg\" alt=\"\"\/><\/figure><\/div>\n\n\n\n<p>Alle 6 Teams sind toll.<br>Von allen erwarte ich auch weiterhin wichtige Impulse und eine wichtige Rolle in der Sozialdemokratie.<br>Einige kenne ich pers\u00f6nlich schon lange, zu anderen habe ich durch ihre Antworten auf meine Fragen ersten pers\u00f6nlichen Kontakt bekommen.<br>Herzlichen Dank daf\u00fcr.<br>Besonders an Petra und Boris f\u00fcr die ausf\u00fchrlichste Beantwortung.  Aus der Kommunalpolitik haben sie auch eine reiche Erfahrung mit Volksentscheiden auf kommunaler Ebene.<br>Danke auch an Michael und Saskia f\u00fcr ihr klares Bekenntnis zum Volksentscheid auf Bundesebene.<br>Am l\u00e4ngsten kenne ich Ralf, noch aus meiner Zeit als Juso-Kreisvorsitzender in Pinneberg, als er frisch aus den USA vom Studium kam und bei uns in den Juso-Kreisvorstand kooptiert wurde, bevor er als Pressesprecher f\u00fcr das Sozialministerium nach Kiel ging. Von seiner Antwort bin ich  ein wenig entt\u00e4uscht, denn eigentlich hat der Landesverband Schleswig-Holstein immer den Volksentscheid auf Bundesebene sehr unterst\u00fctzt.  Auch Olaf kenne ich aus meiner Zeit im Ortsverein Altona-Nord. Er hat leider gar nicht geantwortet.<br>Letztlich habe ich mich dann doch aufgrund eines anderen Kriteriums entschieden:<br>Den klaren Positionen zum Klimaschutz, wie sie die \u00dcbersicht des BUND hergibt.<\/p>\n\n\n\n<p>Es ist f\u00fcr mich einfach das wichtigste Thema \u00fcberhaupt. Ich h\u00f6re gerade das H\u00f6rbuch zu &#8222;Die unbewohnbare Erde: Leben nach der Erderw\u00e4rmung.&#8220; Das Thema finde ich so drastisch und wichtig, dass es f\u00fcr mich momentan alles andere dominiert.<br>Allerdings denke ich, wir brauchen den Volksentscheid, um die Klimapolitik voranbringen zu k\u00f6nnen und gemeinsam als Bev\u00f6lkerung einen Klima sch\u00fctzenden Weg in die Zukunft zu verabreden.<\/p>\n\n\n\n<p>Daher geht im 1. Wahlgang meine Stimme an Nina und Karl.<br>Und ich bin gespannt, wie morgen die Ausz\u00e4hlung ausgeht.<br><\/p>\n","protected":false},"excerpt":{"rendered":"<p>Irgendwann muss ich mich entscheiden. Ich habe lange gewartet, in der Hoffnung noch mehr R\u00fcckmeldungen zu meinen Fragen zum Volksentscheid zu bekommen. Alle 6 Teams sind toll.Von allen erwarte ich auch weiterhin wichtige Impulse und eine wichtige Rolle in der Sozialdemokratie.Einige kenne ich pers\u00f6nlich schon lange, zu anderen habe ich durch ihre Antworten auf meine &hellip; <\/p>\n<p class=\"link-more\"><a href=\"http:\/\/sozialdemokratie.de\/?p=117\" class=\"more-link\"><span class=\"screen-reader-text\">\u201eIch habe gew\u00e4hlt.\u201c<\/span> weiterlesen<\/a><\/p>\n","protected":false},"author":1,"featured_media":0,"comment_status":"open","ping_status":"open","sticky":false,"template":"","format":"standard","meta":[],"categories":[7,6],"tags":[],"jetpack_featured_media_url":"","_links":{"self":[{"href":"http:\/\/sozialdemokratie.de\/index.php?rest_route=\/wp\/v2\/posts\/117"}],"collection":[{"href":"http:\/\/sozialdemokratie.de\/index.php?rest_route=\/wp\/v2\/posts"}],"about":[{"href":"http:\/\/sozialdemokratie.de\/index.php?rest_route=\/wp\/v2\/types\/post"}],"author":[{"embeddable":true,"href":"http:\/\/sozialdemokratie.de\/index.php?rest_route=\/wp\/v2\/users\/1"}],"replies":[{"embeddable":true,"href":"http:\/\/sozialdemokratie.de\/index.php?rest_route=%2Fwp%2Fv2%2Fcomments&post=117"}],"version-history":[{"count":4,"href":"http:\/\/sozialdemokratie.de\/index.php?rest_route=\/wp\/v2\/posts\/117\/revisions"}],"predecessor-version":[{"id":121,"href":"http:\/\/sozialdemokratie.de\/index.php?rest_route=\/wp\/v2\/posts\/117\/revisions\/121"}],"wp:attachment":[{"href":"http:\/\/sozialdemokratie.de\/index.php?rest_route=%2Fwp%2Fv2%2Fmedia&parent=117"}],"wp:term":[{"taxonomy":"category","embeddable":true,"href":"http:\/\/sozialdemokratie.de\/index.php?rest_route=%2Fwp%2Fv2%2Fcategories&post=117"},{"taxonomy":"post_tag","embeddable":true,"href":"http:\/\/sozialdemokratie.de\/index.php?rest_route=%2Fwp%2Fv2%2Ftags&post=117"}],"curies":[{"name":"wp","href":"https:\/\/api.w.org\/{rel}","templated":true}]}}