{"id":113,"date":"2019-10-25T06:59:09","date_gmt":"2019-10-25T06:59:09","guid":{"rendered":"http:\/\/sozialdemokratie.de\/?p=113"},"modified":"2019-10-25T07:07:50","modified_gmt":"2019-10-25T07:07:50","slug":"die-antwort-von-saskia-esken","status":"publish","type":"post","link":"http:\/\/sozialdemokratie.de\/?p=113","title":{"rendered":"Die Antwort von Saskia Esken"},"content":{"rendered":"\n<p>Als Mitglied einer Partei, die schon vor 50 Jahren \u201eMehr Demokratie wagen\u201c wollte, kann man Elemente der direkten Demokratie nur bef\u00fcrworten. <br>Dass Politik und B\u00fcrgerInnen damit verantwortungsvoll umgehen k\u00f6nnen, zeigt die Schweiz, sie hat damit aber auch eine lange Tradition. <\/p>\n","protected":false},"excerpt":{"rendered":"<p>Als Mitglied einer Partei, die schon vor 50 Jahren \u201eMehr Demokratie wagen\u201c wollte, kann man Elemente der direkten Demokratie nur bef\u00fcrworten. Dass Politik und B\u00fcrgerInnen damit verantwortungsvoll umgehen k\u00f6nnen, zeigt die Schweiz, sie hat damit aber auch eine lange Tradition.<\/p>\n","protected":false},"author":1,"featured_media":0,"comment_status":"open","ping_status":"open","sticky":false,"template":"","format":"standard","meta":[],"categories":[4,7,6],"tags":[],"jetpack_featured_media_url":"","_links":{"self":[{"href":"http:\/\/sozialdemokratie.de\/index.php?rest_route=\/wp\/v2\/posts\/113"}],"collection":[{"href":"http:\/\/sozialdemokratie.de\/index.php?rest_route=\/wp\/v2\/posts"}],"about":[{"href":"http:\/\/sozialdemokratie.de\/index.php?rest_route=\/wp\/v2\/types\/post"}],"author":[{"embeddable":true,"href":"http:\/\/sozialdemokratie.de\/index.php?rest_route=\/wp\/v2\/users\/1"}],"replies":[{"embeddable":true,"href":"http:\/\/sozialdemokratie.de\/index.php?rest_route=%2Fwp%2Fv2%2Fcomments&post=113"}],"version-history":[{"count":1,"href":"http:\/\/sozialdemokratie.de\/index.php?rest_route=\/wp\/v2\/posts\/113\/revisions"}],"predecessor-version":[{"id":114,"href":"http:\/\/sozialdemokratie.de\/index.php?rest_route=\/wp\/v2\/posts\/113\/revisions\/114"}],"wp:attachment":[{"href":"http:\/\/sozialdemokratie.de\/index.php?rest_route=%2Fwp%2Fv2%2Fmedia&parent=113"}],"wp:term":[{"taxonomy":"category","embeddable":true,"href":"http:\/\/sozialdemokratie.de\/index.php?rest_route=%2Fwp%2Fv2%2Fcategories&post=113"},{"taxonomy":"post_tag","embeddable":true,"href":"http:\/\/sozialdemokratie.de\/index.php?rest_route=%2Fwp%2Fv2%2Ftags&post=113"}],"curies":[{"name":"wp","href":"https:\/\/api.w.org\/{rel}","templated":true}]}}